{"id":197619,"date":"2026-09-02T13:24:14","date_gmt":"2026-09-02T16:24:14","guid":{"rendered":"https:\/\/www.estadisticaciudad.gob.ar\/eyc\/?p=197619"},"modified":"2026-09-02T13:31:17","modified_gmt":"2026-09-02T16:31:17","slug":"participamos-del-cuarto-episodio-de-factos-el-podcast-del-pnud","status":"publish","type":"post","link":"https:\/\/www.estadisticaciudad.gob.ar\/eyc\/participamos-del-cuarto-episodio-de-factos-el-podcast-del-pnud\/","title":{"rendered":"Participamos del cuarto episodio de FACTOS, el podcast del PNUD"},"content":{"rendered":"\t\t<div data-elementor-type=\"wp-post\" data-elementor-id=\"197619\" class=\"elementor elementor-197619\" data-elementor-post-type=\"post\">\n\t\t\t\t\t\t<section class=\"elementor-section elementor-top-section elementor-element elementor-element-15d6190 elementor-section-boxed elementor-section-height-default elementor-section-height-default\" data-id=\"15d6190\" data-element_type=\"section\" data-e-type=\"section\">\n\t\t\t\t\t\t<div class=\"elementor-container elementor-column-gap-default\">\n\t\t\t\t\t<div class=\"elementor-column elementor-col-100 elementor-top-column elementor-element elementor-element-7632821\" data-id=\"7632821\" data-element_type=\"column\" data-e-type=\"column\">\n\t\t\t<div class=\"elementor-widget-wrap elementor-element-populated\">\n\t\t\t\t\t\t<div class=\"elementor-element elementor-element-bfd7080 elementor-widget__width-initial elementor-widget elementor-widget-heading\" data-id=\"bfd7080\" data-element_type=\"widget\" data-e-type=\"widget\" data-widget_type=\"heading.default\">\n\t\t\t\t<div class=\"elementor-widget-container\">\n\t\t\t\t\t<h6 class=\"elementor-heading-title elementor-size-default\">Noticias estad\u00edsticas<\/h6>\t\t\t\t<\/div>\n\t\t\t\t<\/div>\n\t\t\t\t\t<\/div>\n\t\t<\/div>\n\t\t\t\t\t<\/div>\n\t\t<\/section>\n\t\t\t\t<section class=\"elementor-section elementor-top-section elementor-element elementor-element-8f4d206 elementor-section-boxed elementor-section-height-default elementor-section-height-default\" data-id=\"8f4d206\" data-element_type=\"section\" data-e-type=\"section\">\n\t\t\t\t\t\t<div class=\"elementor-container elementor-column-gap-default\">\n\t\t\t\t\t<div class=\"elementor-column elementor-col-100 elementor-top-column elementor-element elementor-element-90e9a45\" data-id=\"90e9a45\" data-element_type=\"column\" data-e-type=\"column\">\n\t\t\t<div class=\"elementor-widget-wrap elementor-element-populated\">\n\t\t\t\t\t\t<div class=\"elementor-element elementor-element-e7d741f elementor-widget elementor-widget-heading\" data-id=\"e7d741f\" data-element_type=\"widget\" data-e-type=\"widget\" data-widget_type=\"heading.default\">\n\t\t\t\t<div class=\"elementor-widget-container\">\n\t\t\t\t\t<h1 class=\"elementor-heading-title elementor-size-default\">Participamos del cuarto episodio de FACTOS, el podcast del PNUD<\/h1>\t\t\t\t<\/div>\n\t\t\t\t<\/div>\n\t\t\t\t<div class=\"elementor-element elementor-element-483e447 elementor-widget elementor-widget-heading\" data-id=\"483e447\" data-element_type=\"widget\" data-e-type=\"widget\" data-widget_type=\"heading.default\">\n\t\t\t\t<div class=\"elementor-widget-container\">\n\t\t\t\t\t<p class=\"elementor-heading-title elementor-size-default\">Invitada por el Programa de la Naciones Unidas para el Desarrollo (PNUD), Mar\u00eda Eugenia Lago, directora general del IDECBA, analiz\u00f3 la recolecci\u00f3n de los datos y su impacto en las pol\u00edticas p\u00fablicas.<\/p>\t\t\t\t<\/div>\n\t\t\t\t<\/div>\n\t\t\t\t\t<\/div>\n\t\t<\/div>\n\t\t\t\t\t<\/div>\n\t\t<\/section>\n\t\t\t\t<section class=\"elementor-section elementor-top-section elementor-element elementor-element-6e9a79f elementor-section-boxed elementor-section-height-default elementor-section-height-default\" data-id=\"6e9a79f\" data-element_type=\"section\" data-e-type=\"section\">\n\t\t\t\t\t\t<div class=\"elementor-container elementor-column-gap-default\">\n\t\t\t\t\t<div class=\"elementor-column elementor-col-100 elementor-top-column elementor-element elementor-element-d1306f0\" data-id=\"d1306f0\" data-element_type=\"column\" data-e-type=\"column\">\n\t\t\t<div class=\"elementor-widget-wrap elementor-element-populated\">\n\t\t\t\t\t\t<div class=\"elementor-element elementor-element-e6271ab elementor-widget elementor-widget-image\" data-id=\"e6271ab\" data-element_type=\"widget\" data-e-type=\"widget\" data-widget_type=\"image.default\">\n\t\t\t\t<div class=\"elementor-widget-container\">\n\t\t\t\t\t\t\t\t\t\t\t\t\t\t\t<img decoding=\"async\" src=\"https:\/\/www.estadisticaciudad.gob.ar\/eyc\/wp-content\/uploads\/elementor\/thumbs\/Participamos-del-cuarto-episodio-de-FACTOS-rstkcymqqtv6iylh5knqx0o0hqjhi8rsupi88yzt34.webp\" title=\"Participamos del cuarto episodio de FACTOS\" alt=\"Participamos del cuarto episodio de FACTOS\" loading=\"lazy\" \/>\t\t\t\t\t\t\t\t\t\t\t\t\t\t\t<\/div>\n\t\t\t\t<\/div>\n\t\t\t\t\t<\/div>\n\t\t<\/div>\n\t\t\t\t\t<\/div>\n\t\t<\/section>\n\t\t\t\t<section class=\"elementor-section elementor-top-section elementor-element elementor-element-12bc178 elementor-section-boxed elementor-section-height-default elementor-section-height-default\" data-id=\"12bc178\" data-element_type=\"section\" data-e-type=\"section\">\n\t\t\t\t\t\t<div class=\"elementor-container elementor-column-gap-default\">\n\t\t\t\t\t<div class=\"elementor-column elementor-col-100 elementor-top-column elementor-element elementor-element-0cdee44\" data-id=\"0cdee44\" data-element_type=\"column\" data-e-type=\"column\">\n\t\t\t<div class=\"elementor-widget-wrap elementor-element-populated\">\n\t\t\t\t\t\t<div class=\"elementor-element elementor-element-d7ae4d5 elementor-widget elementor-widget-text-editor\" data-id=\"d7ae4d5\" data-element_type=\"widget\" data-e-type=\"widget\" data-widget_type=\"text-editor.default\">\n\t\t\t\t<div class=\"elementor-widget-container\">\n\t\t\t\t\t\t\t\t\t<p>Mar\u00eda Eugenia Lago particip\u00f3 de FACTOS, un podcast producido por PNUD Argentina. Junto a Nora Luzi, coordinadora del \u00e1rea de Gobernabilidad Democr\u00e1tica de la agencia de Naciones Unidas, exploraron el v\u00ednculo entre los datos, la democracia y las pol\u00edticas p\u00fablicas.<\/p><p>Durante el episodio, grabado en la sede del IDECBA, intercambiaron experiencias sobre los desaf\u00edos que plantea la digitalizaci\u00f3n de los datos, las posibilidades que ofrece el uso de la inteligencia artificial para agilizar procesos y la importancia de contar con informaci\u00f3n cada vez m\u00e1s cercana al momento en que se producen los fen\u00f3menos que se busca analizar.<\/p><p>Tambi\u00e9n reflexionaron sobre el papel de las mediciones estad\u00edsticas para \u201ccontribuir a identificar desigualdades y barreras\u201d, aportando evidencia para comprender de manera m\u00e1s precisa las experiencias y necesidades de distintos grupos de la sociedad. <\/p><p>En este sentido, resaltaron la importancia de \u201ccontar con informaci\u00f3n actualizada\u201d y destacaron el trabajo conjunto entre ambas instituciones durante la prueba piloto de la <a href=\"https:\/\/www.estadisticaciudad.gob.ar\/eyc\/publicaciones\/prueba-piloto-encuesta-acceso-a-justicia-ciudad-de-buenos-aires-diciembre-de-2025\/\" target=\"_blank\" rel=\"noopener\">Encuesta de Acceso a la Justicia<\/a> y el desarrollo de un <a href=\"https:\/\/www.estadisticaciudad.gob.ar\/eyc\/publicaciones\/medicion-de-la-pobreza-multidimensional-a-nivel-individual-en-la-ciudad-de-buenos-aires-estudio-experimental\/\" target=\"_blank\" rel=\"noopener\">estudio experimental sobre la medici\u00f3n de la pobreza multidimensional a nivel individual en la Ciudad Aut\u00f3noma de Buenos Aires<\/a>.<\/p><p>Episodio completo disponible en <a href=\"https:\/\/youtu.be\/vzCihlcZsh8?si=NKgFHMSO1cjFPkFh\" target=\"_blank\" rel=\"noopener\">YouTube<\/a> y en <a href=\"https:\/\/open.spotify.com\/episode\/4vNTFWD15QhSVojltoscBG?si=k_QHpRgpS9CylgafRxGcqQ&amp;utm_source=copy-link\" target=\"_blank\" rel=\"noopener\">Spotify<\/a> <\/p>\t\t\t\t\t\t\t\t<\/div>\n\t\t\t\t<\/div>\n\t\t\t\t\t<\/div>\n\t\t<\/div>\n\t\t\t\t\t<\/div>\n\t\t<\/section>\n\t\t\t\t<section class=\"elementor-section elementor-top-section elementor-element elementor-element-c5cc224 elementor-section-boxed elementor-section-height-default elementor-section-height-default\" data-id=\"c5cc224\" data-element_type=\"section\" data-e-type=\"section\">\n\t\t\t\t\t\t<div class=\"elementor-container elementor-column-gap-default\">\n\t\t\t\t\t<div class=\"elementor-column elementor-col-100 elementor-top-column elementor-element elementor-element-1b3035f\" data-id=\"1b3035f\" data-element_type=\"column\" data-e-type=\"column\">\n\t\t\t<div class=\"elementor-widget-wrap elementor-element-populated\">\n\t\t\t\t\t\t<div class=\"elementor-element elementor-element-bb76e62 elementor-align-left elementor-mobile-align-center elementor-widget elementor-widget-button\" data-id=\"bb76e62\" data-element_type=\"widget\" data-e-type=\"widget\" data-widget_type=\"button.default\">\n\t\t\t\t<div class=\"elementor-widget-container\">\n\t\t\t\t\t\t\t\t\t<div class=\"elementor-button-wrapper\">\n\t\t\t\t\t<a class=\"elementor-button elementor-button-link elementor-size-sm elementor-animation-shrink\" href=\"https:\/\/www.estadisticaciudad.gob.ar\/eyc\/#noticias-estadisticas-home\">\n\t\t\t\t\t\t<span class=\"elementor-button-content-wrapper\">\n\t\t\t\t\t\t<span class=\"elementor-button-icon\">\n\t\t\t\t<i aria-hidden=\"true\" class=\"fas fa-arrow-circle-left\"><\/i>\t\t\t<\/span>\n\t\t\t\t\t\t\t\t\t<span class=\"elementor-button-text\">Volver<\/span>\n\t\t\t\t\t<\/span>\n\t\t\t\t\t<\/a>\n\t\t\t\t<\/div>\n\t\t\t\t\t\t\t\t<\/div>\n\t\t\t\t<\/div>\n\t\t\t\t\t<\/div>\n\t\t<\/div>\n\t\t\t\t\t<\/div>\n\t\t<\/section>\n\t\t\t\t<\/div>\n\t\t","protected":false},"excerpt":{"rendered":"<p>Noticias estad\u00edsticas Participamos del cuarto episodio de FACTOS, el podcast del PNUD Invitada por el Programa de la Naciones Unidas para el Desarrollo (PNUD),&#46;&#46;&#46;<\/p>\n","protected":false},"author":40,"featured_media":197621,"comment_status":"closed","ping_status":"closed","sticky":false,"template":"elementor_header_footer","format":"standard","meta":{"_acf_changed":false,"inline_featured_image":false,"ep_exclude_from_search":false,"footnotes":""},"categories":[11504,11428,11503],"tags":[],"class_list":["post-197619","post","type-post","status-publish","format-standard","has-post-thumbnail","hentry","category-noticias_app","category-noticias-estadisticas","category-noticias_web"],"acf":[],"_links":{"self":[{"href":"https:\/\/www.estadisticaciudad.gob.ar\/eyc\/wp-json\/wp\/v2\/posts\/197619","targetHints":{"allow":["GET"]}}],"collection":[{"href":"https:\/\/www.estadisticaciudad.gob.ar\/eyc\/wp-json\/wp\/v2\/posts"}],"about":[{"href":"https:\/\/www.estadisticaciudad.gob.ar\/eyc\/wp-json\/wp\/v2\/types\/post"}],"author":[{"embeddable":true,"href":"https:\/\/www.estadisticaciudad.gob.ar\/eyc\/wp-json\/wp\/v2\/users\/40"}],"replies":[{"embeddable":true,"href":"https:\/\/www.estadisticaciudad.gob.ar\/eyc\/wp-json\/wp\/v2\/comments?post=197619"}],"version-history":[{"count":5,"href":"https:\/\/www.estadisticaciudad.gob.ar\/eyc\/wp-json\/wp\/v2\/posts\/197619\/revisions"}],"predecessor-version":[{"id":197625,"href":"https:\/\/www.estadisticaciudad.gob.ar\/eyc\/wp-json\/wp\/v2\/posts\/197619\/revisions\/197625"}],"wp:featuredmedia":[{"embeddable":true,"href":"https:\/\/www.estadisticaciudad.gob.ar\/eyc\/wp-json\/wp\/v2\/media\/197621"}],"wp:attachment":[{"href":"https:\/\/www.estadisticaciudad.gob.ar\/eyc\/wp-json\/wp\/v2\/media?parent=197619"}],"wp:term":[{"taxonomy":"category","embeddable":true,"href":"https:\/\/www.estadisticaciudad.gob.ar\/eyc\/wp-json\/wp\/v2\/categories?post=197619"},{"taxonomy":"post_tag","embeddable":true,"href":"https:\/\/www.estadisticaciudad.gob.ar\/eyc\/wp-json\/wp\/v2\/tags?post=197619"}],"curies":[{"name":"wp","href":"https:\/\/api.w.org\/{rel}","templated":true}]}}